{"id":498,"date":"2009-07-04T14:30:29","date_gmt":"2009-07-04T13:30:29","guid":{"rendered":"http:\/\/www.jungsi.de\/?p=498"},"modified":"2009-11-18T12:52:43","modified_gmt":"2009-11-18T11:52:43","slug":"fotos-aprilia-tuono","status":"publish","type":"post","link":"https:\/\/www.jungsi.de\/en\/fotos-aprilia-tuono\/","title":{"rendered":"Fotos Aprilia Tuono"},"content":{"rendered":"<p>Endlich hatte ich mal kurz Zeit ein Paar Fotos von meiner Tuono Factory zu machen. Sie ist nicht geputzt und die Fotos wurden vor meiner Garage gemacht. Also nichts besonderes \ud83d\ude09 Ich h\u00e4tte auch ein Soundfile von meinen Mivv-T\u00f6pfen &#8211; leider bin ich kein Video-Spezialist und kann daher das Kennzeichen nicht retuschieren&#8230;.also gibts das File nur auf Anfrage per Mail \ud83d\ude42<\/p>\nngg_shortcode_0_placeholder","protected":false},"excerpt":{"rendered":"<p>Endlich hatte ich mal kurz Zeit ein Paar Fotos von meiner Tuono Factory zu machen. Sie ist nicht geputzt und die Fotos wurden vor meiner \u2026<\/p>","protected":false},"author":2,"featured_media":0,"comment_status":"open","ping_status":"open","sticky":false,"template":"","format":"standard","meta":{"_lmt_disableupdate":"","_lmt_disable":"","ngg_post_thumbnail":0,"jetpack_post_was_ever_published":false,"_jetpack_newsletter_access":"","_jetpack_dont_email_post_to_subs":false,"_jetpack_newsletter_tier_id":0,"_jetpack_memberships_contains_paywalled_content":false,"_jetpack_memberships_contains_paid_content":false,"footnotes":"","jetpack_publicize_message":"","jetpack_publicize_feature_enabled":true,"jetpack_social_post_already_shared":false,"jetpack_social_options":{"image_generator_settings":{"template":"highway","default_image_id":0,"font":"","enabled":false},"version":2},"_links_to":"","_links_to_target":""},"categories":[4],"tags":[],"class_list":["post-498","post","type-post","status-publish","format-standard","hentry","category-bikes"],"modified_by":"Jungsi","jetpack_publicize_connections":[],"jetpack_featured_media_url":"","jetpack_shortlink":"https:\/\/wp.me\/p4eXvk-82","jetpack_sharing_enabled":true,"jetpack_likes_enabled":true,"jetpack-related-posts":[{"id":621,"url":"https:\/\/www.jungsi.de\/en\/saison-gestartet\/","url_meta":{"origin":498,"position":0},"title":"Saison gestartet","author":"Jungsi","date":"26. March 2010","format":false,"excerpt":"Nachdem ich gestern keinen Bock mehr hatte zu warten (besonders weil es am Wochenende wieder nass und kalt werden soll) hab ich endlich meine Tuono wieder ausgepackt. Ohne Problem ist sie mit einem infernalischen Gebr\u00fcll angesprungen. Das Kupplungsproblem ist nat\u00fcrlich immer noch nicht behoben (Werkstatt ruft). Au\u00dferdem d\u00fcrfte im April\u2026","rel":"","context":"In &quot;BIKE&quot;","block_context":{"text":"BIKE","link":"https:\/\/www.jungsi.de\/en\/category\/bikes\/"},"img":{"alt_text":"","src":"","width":0,"height":0},"classes":[]},{"id":2961,"url":"https:\/\/www.jungsi.de\/en\/reisen-irland-2013\/","url_meta":{"origin":498,"position":1},"title":"Reisen: Irland 2013","author":"Jungsi","date":"12. July 2013","format":false,"excerpt":"Nachdem wir im vergangenen Jahr faul waren und uns am Gardasee entspannt haben, wird es 2013 wieder Zeit etwas Spannendes zu unternehmen. Hier ist unsere Wahl ziemlich schnell - auch durch einen Zufall bedingt - auf Irland gefallen. Zusammen mit zwei Freunden und deren Ehefrauen die wir aus dem Biker-Forum\u2026","rel":"","context":"In &quot;Irland 2013&quot;","block_context":{"text":"Irland 2013","link":"https:\/\/www.jungsi.de\/en\/category\/reisen\/irland-2013\/"},"img":{"alt_text":"irland","src":"https:\/\/i0.wp.com\/www.jungsi.de\/blog\/wp-content\/uploads\/2013\/09\/irland.jpg?resize=350%2C200&ssl=1","width":350,"height":200},"classes":[]},{"id":1643,"url":"https:\/\/www.jungsi.de\/en\/frankreich-2011\/","url_meta":{"origin":498,"position":2},"title":"Frankreich 2011","author":"Jungsi","date":"12. August 2011","format":false,"excerpt":"Nach der wahnsinnig beeindruckenden Tour im vergangenen Jahr nach Norwegen, wollten wir uns in diesem Jahr wieder auf unsere Wurzeln zur\u00fcckbesinnen und einen Teil der Alpen in Angriff nehmen, der von uns bisher vollkommen unber\u00fchrt geblieben ist ;-) Der franz\u00f6sische Teil der Alpen, der auch jedes Jahr von der Tour\u2026","rel":"","context":"In &quot;Frankreich 2011&quot;","block_context":{"text":"Frankreich 2011","link":"https:\/\/www.jungsi.de\/en\/category\/reisen\/frankreich-2011\/"},"img":{"alt_text":"Frankreich 2011","src":"https:\/\/i0.wp.com\/www.jungsi.de\/blog\/wp-content\/uploads\/Beitragsbild-Frankreich-2011.webp?resize=350%2C200&ssl=1","width":350,"height":200,"srcset":"https:\/\/i0.wp.com\/www.jungsi.de\/blog\/wp-content\/uploads\/Beitragsbild-Frankreich-2011.webp?resize=350%2C200&ssl=1 1x, https:\/\/i0.wp.com\/www.jungsi.de\/blog\/wp-content\/uploads\/Beitragsbild-Frankreich-2011.webp?resize=525%2C300&ssl=1 1.5x, https:\/\/i0.wp.com\/www.jungsi.de\/blog\/wp-content\/uploads\/Beitragsbild-Frankreich-2011.webp?resize=700%2C400&ssl=1 2x, https:\/\/i0.wp.com\/www.jungsi.de\/blog\/wp-content\/uploads\/Beitragsbild-Frankreich-2011.webp?resize=1050%2C600&ssl=1 3x, https:\/\/i0.wp.com\/www.jungsi.de\/blog\/wp-content\/uploads\/Beitragsbild-Frankreich-2011.webp?resize=1400%2C800&ssl=1 4x"},"classes":[]},{"id":19035,"url":"https:\/\/www.jungsi.de\/en\/tag-1-und-2-anreise-norwegen\/","url_meta":{"origin":498,"position":3},"title":"Tag 1 und 2: Anreise [Norwegen]","author":"Jungsi","date":"13. July 2010","format":false,"excerpt":"Die Planungen zu dieser Tour haben bereits im Jahr 2009 begonnen. Der Kontakt zu unserem Reiseveranstalter Feelgoodreisen wurde auf der IMOT 2009 in M\u00fcnchen gekn\u00fcpft. Nachdem dann der ungef\u00e4hre Reisepreis feststand, wurde die Reise beschlossen und mit Feelgood die Details vereinbart (zus\u00e4tzlich die F\u00e4hre f\u00fcr die Anreise und ein zus\u00e4tzliches\u2026","rel":"","context":"In &quot;Norwegen 2010&quot;","block_context":{"text":"Norwegen 2010","link":"https:\/\/www.jungsi.de\/en\/category\/reisen\/norwegen-2010\/"},"img":{"alt_text":"","src":"https:\/\/i0.wp.com\/www.jungsi.de\/blog\/wp-content\/uploads\/Beitragsbild-Norwegen-2011.webp?resize=350%2C200&ssl=1","width":350,"height":200,"srcset":"https:\/\/i0.wp.com\/www.jungsi.de\/blog\/wp-content\/uploads\/Beitragsbild-Norwegen-2011.webp?resize=350%2C200&ssl=1 1x, https:\/\/i0.wp.com\/www.jungsi.de\/blog\/wp-content\/uploads\/Beitragsbild-Norwegen-2011.webp?resize=525%2C300&ssl=1 1.5x, https:\/\/i0.wp.com\/www.jungsi.de\/blog\/wp-content\/uploads\/Beitragsbild-Norwegen-2011.webp?resize=700%2C400&ssl=1 2x, https:\/\/i0.wp.com\/www.jungsi.de\/blog\/wp-content\/uploads\/Beitragsbild-Norwegen-2011.webp?resize=1050%2C600&ssl=1 3x, https:\/\/i0.wp.com\/www.jungsi.de\/blog\/wp-content\/uploads\/Beitragsbild-Norwegen-2011.webp?resize=1400%2C800&ssl=1 4x"},"classes":[]},{"id":10543,"url":"https:\/\/www.jungsi.de\/en\/jungsis-corner-hinter-den-kulissen\/","url_meta":{"origin":498,"position":4},"title":"Jungsis Corner &#8211; hinter den Kulissen","author":"Jungsi","date":"3. May 2015","format":false,"excerpt":"F\u00fcr alle Leser gibt es heute mal einen kleinen Blick hinter die Kulissen von Jungsis Corner. Anbei ein paar Fotos von meinem kleinen \"Reich\" unter dem Dach. Ich bin in der Lage einen kompletten Raum f\u00fcr mein Hobby zu nutzen. Ich besch\u00e4ftige mich seid 2012 wieder mit den alten Rechnern\u2026","rel":"","context":"In &quot;Allgemein&quot;","block_context":{"text":"Allgemein","link":"https:\/\/www.jungsi.de\/en\/category\/allgemein\/"},"img":{"alt_text":"Jungsis Corner - Konsolen","src":"https:\/\/i0.wp.com\/www.jungsi.de\/blog\/wp-content\/uploads\/2015\/05\/Jungsis-Corner-3.jpg?resize=350%2C200&ssl=1","width":350,"height":200},"classes":[]},{"id":618,"url":"https:\/\/www.jungsi.de\/en\/ein-hochbeet-entsteht-teil-1\/","url_meta":{"origin":498,"position":5},"title":"Ein Hochbeet entsteht &#8211; Teil 1","author":"Jungsi","date":"26. March 2010","format":false,"excerpt":"Da ich hin und wieder gerne Koche (nicht nur vor Wut ;-) ) verwende ich auch ganz gerne die entsprechenden Kr\u00e4uter um dem Ganzen den n\u00f6tigen Geschmack zu verleihen. Leider musste ich bisher immer auf getrocknete Kr\u00e4uter zur\u00fcckgreifen, da ich im Garten bisher keine hatte. So entstand die Idee eines\u2026","rel":"","context":"In &quot;Haus &amp; Garten&quot;","block_context":{"text":"Haus &amp; Garten","link":"https:\/\/www.jungsi.de\/en\/category\/garten\/"},"img":{"alt_text":"","src":"","width":0,"height":0},"classes":[]}],"_links":{"self":[{"href":"https:\/\/www.jungsi.de\/en\/wp-json\/wp\/v2\/posts\/498","targetHints":{"allow":["GET"]}}],"collection":[{"href":"https:\/\/www.jungsi.de\/en\/wp-json\/wp\/v2\/posts"}],"about":[{"href":"https:\/\/www.jungsi.de\/en\/wp-json\/wp\/v2\/types\/post"}],"author":[{"embeddable":true,"href":"https:\/\/www.jungsi.de\/en\/wp-json\/wp\/v2\/users\/2"}],"replies":[{"embeddable":true,"href":"https:\/\/www.jungsi.de\/en\/wp-json\/wp\/v2\/comments?post=498"}],"version-history":[{"count":0,"href":"https:\/\/www.jungsi.de\/en\/wp-json\/wp\/v2\/posts\/498\/revisions"}],"wp:attachment":[{"href":"https:\/\/www.jungsi.de\/en\/wp-json\/wp\/v2\/media?parent=498"}],"wp:term":[{"taxonomy":"category","embeddable":true,"href":"https:\/\/www.jungsi.de\/en\/wp-json\/wp\/v2\/categories?post=498"},{"taxonomy":"post_tag","embeddable":true,"href":"https:\/\/www.jungsi.de\/en\/wp-json\/wp\/v2\/tags?post=498"}],"curies":[{"name":"wp","href":"https:\/\/api.w.org\/{rel}","templated":true}]}}