{"id":1739,"date":"2012-09-22T23:31:10","date_gmt":"2012-09-22T22:31:10","guid":{"rendered":"http:\/\/www.jungsi.de\/?p=1739"},"modified":"2012-09-24T22:06:55","modified_gmt":"2012-09-24T21:06:55","slug":"stilfser-joch-ab-2013-maut","status":"publish","type":"post","link":"https:\/\/www.jungsi.de\/en\/stilfser-joch-ab-2013-maut\/","title":{"rendered":"Stilfser Joch &#8211; ab 2013 Maut!"},"content":{"rendered":"<p>Einer der spektakul\u00e4rsten befahrbaren Alpenp\u00e4sse wird ab 2013 mautpflichtig! Nach jahrelangem Widerstand aus der Tourismusbranche werden nun ab Januar folgende Geb\u00fchren erhoben:<\/p>\n<ul>\n<li><strong>Motorr\u00e4der und Fahrzeuge bis 3,5 Tonnen: 10 Euro f\u00fcr die Wochenvignette<\/strong><\/li>\n<li><strong>Fahrzeuge \u00fcber 3,5 Tonnen: 30 Euro f\u00fcr einen Tag<\/strong><\/li>\n<li><strong>Saisonvignette: 60 Euro<\/strong><\/li>\n<li><strong>gratis: Fahrr\u00e4der und Fahrzeuge mit Elektro- oder Hybridantrieb<\/strong><\/li>\n<\/ul>\n<p>Die Mautstelle wird vermutlich oberhalb von <strong>Trafoi<\/strong> eingerichtet.<\/p>\n<figure id=\"attachment_1740\" aria-describedby=\"caption-attachment-1740\" style=\"width: 205px\" class=\"wp-caption aligncenter\"><a href=\"https:\/\/www.jungsi.de\/blog\/wp-content\/uploads\/2012\/09\/1326211107_7.jpg\"><img loading=\"lazy\" decoding=\"async\" class=\"size-full wp-image-1740\" title=\"1326211107_7\" src=\"https:\/\/www.jungsi.de\/blog\/wp-content\/uploads\/2012\/09\/1326211107_7.jpg\" alt=\"Auffahrt zum Stilfser Joch\" width=\"205\" height=\"136\" \/><\/a><figcaption id=\"caption-attachment-1740\" class=\"wp-caption-text\">Auffahrt zum Stilfser Joch<\/figcaption><\/figure>\n<p>Mich st\u00f6rt hier vor allem, das wieder mal kein Unterschied zwischen Auto und Motorrad gemacht wird. Wenn das Erfolg hat, werden fr\u00fcher oder sp\u00e4ter andere folgen&#8230;.ich stelle mir gerade vor, wie bei den ganzen <strong>Dolomiten<\/strong>-P\u00e4ssen kassiert werden k\u00f6nnte&#8230;..dann ben\u00f6tigt man f\u00fcr die n\u00e4chste Urlaubstour einen Sonderposten f\u00fcr die Maut&#8230;.ich bin mir nicht sicher ob der Schuss f\u00fcr die Region nicht nach hinten los geht.<\/p>","protected":false},"excerpt":{"rendered":"<p>Einer der spektakul\u00e4rsten befahrbaren Alpenp\u00e4sse wird ab 2013 mautpflichtig! Nach jahrelangem Widerstand aus der Tourismusbranche werden nun ab Januar folgende Geb\u00fchren erhoben: Motorr\u00e4der und Fahrzeuge \u2026<\/p>","protected":false},"author":2,"featured_media":1740,"comment_status":"open","ping_status":"open","sticky":false,"template":"","format":"standard","meta":{"ngg_post_thumbnail":0,"_jetpack_newsletter_access":"","_jetpack_dont_email_post_to_subs":false,"_jetpack_newsletter_tier_id":0,"_jetpack_memberships_contains_paywalled_content":false,"_jetpack_feature_clip_id":0,"_jetpack_memberships_contains_paid_content":false,"footnotes":"","jetpack_post_was_ever_published":false,"_links_to":"","_links_to_target":""},"categories":[4,15],"tags":[],"class_list":["post-1739","post","type-post","status-publish","format-standard","has-post-thumbnail","hentry","category-bikes","category-reisen"],"wp-worthy-pixel":{"ignored":false,"public":null,"server":null,"url":null},"wp-worthy-type":"normal","jetpack_sharing_enabled":true,"jetpack_featured_media_url":"https:\/\/www.jungsi.de\/blog\/wp-content\/uploads\/2012\/09\/1326211107_7.jpg","_links":{"self":[{"href":"https:\/\/www.jungsi.de\/en\/wp-json\/wp\/v2\/posts\/1739","targetHints":{"allow":["GET"]}}],"collection":[{"href":"https:\/\/www.jungsi.de\/en\/wp-json\/wp\/v2\/posts"}],"about":[{"href":"https:\/\/www.jungsi.de\/en\/wp-json\/wp\/v2\/types\/post"}],"author":[{"embeddable":true,"href":"https:\/\/www.jungsi.de\/en\/wp-json\/wp\/v2\/users\/2"}],"replies":[{"embeddable":true,"href":"https:\/\/www.jungsi.de\/en\/wp-json\/wp\/v2\/comments?post=1739"}],"version-history":[{"count":0,"href":"https:\/\/www.jungsi.de\/en\/wp-json\/wp\/v2\/posts\/1739\/revisions"}],"wp:featuredmedia":[{"embeddable":true,"href":"https:\/\/www.jungsi.de\/en\/wp-json\/wp\/v2\/media\/1740"}],"wp:attachment":[{"href":"https:\/\/www.jungsi.de\/en\/wp-json\/wp\/v2\/media?parent=1739"}],"wp:term":[{"taxonomy":"category","embeddable":true,"href":"https:\/\/www.jungsi.de\/en\/wp-json\/wp\/v2\/categories?post=1739"},{"taxonomy":"post_tag","embeddable":true,"href":"https:\/\/www.jungsi.de\/en\/wp-json\/wp\/v2\/tags?post=1739"}],"curies":[{"name":"wp","href":"https:\/\/api.w.org\/{rel}","templated":true}]}}