{"id":1663,"date":"2011-08-12T13:01:03","date_gmt":"2011-08-12T12:01:03","guid":{"rendered":"http:\/\/www.jungsi.de\/?p=1663"},"modified":"2012-09-23T12:10:51","modified_gmt":"2012-09-23T11:10:51","slug":"frankreich-tag-8","status":"publish","type":"post","link":"https:\/\/www.jungsi.de\/en\/frankreich-tag-8\/","title":{"rendered":"Frankreich Tag 8"},"content":{"rendered":"<p>Bilder vom 8. Tag!<br \/>\nngg_shortcode_0_placeholder<\/p>","protected":false},"excerpt":{"rendered":"<p>Bilder vom 8. Tag!<\/p>","protected":false},"author":2,"featured_media":0,"comment_status":"open","ping_status":"open","sticky":false,"template":"","format":"standard","meta":{"_lmt_disableupdate":"","_lmt_disable":"","ngg_post_thumbnail":0,"jetpack_post_was_ever_published":false,"_jetpack_newsletter_access":"","_jetpack_dont_email_post_to_subs":false,"_jetpack_newsletter_tier_id":0,"_jetpack_memberships_contains_paywalled_content":false,"_jetpack_memberships_contains_paid_content":false,"footnotes":"","jetpack_publicize_message":"","jetpack_publicize_feature_enabled":true,"jetpack_social_post_already_shared":false,"jetpack_social_options":{"image_generator_settings":{"template":"highway","default_image_id":0,"font":"","enabled":false},"version":2},"_links_to":"","_links_to_target":""},"categories":[37,15],"tags":[],"class_list":["post-1663","post","type-post","status-publish","format-standard","hentry","category-frankreich-2011","category-reisen"],"modified_by":"Jungsi","jetpack_publicize_connections":[],"jetpack_featured_media_url":"","jetpack_shortlink":"https:\/\/wp.me\/p4eXvk-qP","jetpack_sharing_enabled":true,"jetpack_likes_enabled":true,"jetpack-related-posts":[{"id":1643,"url":"https:\/\/www.jungsi.de\/en\/frankreich-2011\/","url_meta":{"origin":1663,"position":0},"title":"Frankreich 2011","author":"Jungsi","date":"12. August 2011","format":false,"excerpt":"Nach der wahnsinnig beeindruckenden Tour im vergangenen Jahr nach Norwegen, wollten wir uns in diesem Jahr wieder auf unsere Wurzeln zur\u00fcckbesinnen und einen Teil der Alpen in Angriff nehmen, der von uns bisher vollkommen unber\u00fchrt geblieben ist ;-) Der franz\u00f6sische Teil der Alpen, der auch jedes Jahr von der Tour\u2026","rel":"","context":"In &quot;Frankreich 2011&quot;","block_context":{"text":"Frankreich 2011","link":"https:\/\/www.jungsi.de\/en\/category\/reisen\/frankreich-2011\/"},"img":{"alt_text":"","src":"","width":0,"height":0},"classes":[]},{"id":1645,"url":"https:\/\/www.jungsi.de\/en\/frankreich-tag-1\/","url_meta":{"origin":1663,"position":1},"title":"Frankreich Tag 1","author":"Jungsi","date":"12. August 2011","format":false,"excerpt":"Los ging die Reise in Simbach \u2013 Endstation f\u00fcr diesen Tag war in einem Tourenfahrerpartnerhaus in Maulburg \u2013 von hier aus k\u00f6nnte man anscheinend auch ganz nette Ausfl\u00fcge in den Schwarzwald machen. Auf den Anreise sind wir die Bundesstrasse B12\/A94 bis M\u00fcnchen und weiter auf der Autobahn Richtung Lindau gefahren\u2026","rel":"","context":"In &quot;Frankreich 2011&quot;","block_context":{"text":"Frankreich 2011","link":"https:\/\/www.jungsi.de\/en\/category\/reisen\/frankreich-2011\/"},"img":{"alt_text":"","src":"","width":0,"height":0},"classes":[]},{"id":1648,"url":"https:\/\/www.jungsi.de\/en\/frankreich-tag-2\/","url_meta":{"origin":1663,"position":2},"title":"Frankreich Tag 2","author":"Jungsi","date":"12. August 2011","format":false,"excerpt":"Tag 2 der Westalpen-Tour f\u00fchrt uns in gut 6h reiner Fahrzeit 330km von Basel bis s\u00fcdlich des Genfer Sees. Von Maulburg geht es vorbei an Basel Richtung Delemont. Bis dorthin passieren wir mehrfach die Grenze zwischen Frankreich und der Schweiz, vermeiden dadurch trickreich den Baseler Haupt-Verkehr sowie jegliche Autobahn-Maut. Meist\u2026","rel":"","context":"In &quot;Frankreich 2011&quot;","block_context":{"text":"Frankreich 2011","link":"https:\/\/www.jungsi.de\/en\/category\/reisen\/frankreich-2011\/"},"img":{"alt_text":"","src":"","width":0,"height":0},"classes":[]},{"id":1651,"url":"https:\/\/www.jungsi.de\/en\/frankreich-tag-3\/","url_meta":{"origin":1663,"position":3},"title":"Frankreich Tag 3","author":"Jungsi","date":"12. August 2011","format":false,"excerpt":"Am 3. Tag der Tour durch die franz\u00f6sischen Alpen wird das erste Drittel der ber\u00fchmten Route des Grandes Alpes von Morzine s\u00fcdlich des Genfer Sees bis nach Lanslevillard bereist. Der Tag beginnt sogleich mit zwei \"Schmankerln\", n\u00e4mlich den recht unbekannten P\u00e4ssen Col du Ran Folly und Col de Joux Plane.\u2026","rel":"","context":"In &quot;Frankreich 2011&quot;","block_context":{"text":"Frankreich 2011","link":"https:\/\/www.jungsi.de\/en\/category\/reisen\/frankreich-2011\/"},"img":{"alt_text":"","src":"","width":0,"height":0},"classes":[]},{"id":19052,"url":"https:\/\/www.jungsi.de\/en\/tag-8-eidfjord-sogndal-norwegen\/","url_meta":{"origin":1663,"position":4},"title":"Tag 8: Eidfjord &#8211; Sogndal [Norwegen]","author":"Jungsi","date":"19. July 2010","format":false,"excerpt":"Dieser Tag war mit einer l\u00e4ngeren Strecke verbunden: ca. 300 km. Daher brachen wir etwas fr\u00fcher als gew\u00f6hnlich auf. Wieder geht es durch landschaftlich absolut traumhafte Gegenden - die ersten 90 km f\u00fchren \u00fcber die Hochebene Hardangervidda bis zum Wintersportort Geilo. Weiter geht es nach Aurland - kurz bevor wir\u2026","rel":"","context":"In &quot;BIKE&quot;","block_context":{"text":"BIKE","link":"https:\/\/www.jungsi.de\/en\/category\/bikes\/"},"img":{"alt_text":"","src":"","width":0,"height":0},"classes":[]},{"id":1653,"url":"https:\/\/www.jungsi.de\/en\/frankreich-tag-4\/","url_meta":{"origin":1663,"position":5},"title":"Frankreich Tag 4","author":"Jungsi","date":"12. August 2011","format":false,"excerpt":"Der heutige Abschnitt hat's wirklich in sich: der h\u00f6chste auf Asphalt anfahrbare Punkt der Alpen, der vielleicht sch\u00f6nste Pass der frz. Alpen sowie einige Ber\u00fchmtheiten der Tour de France stehen auf dem Programm. Wir beginnen gem\u00fctlich und fahren auf relativ gerader Strecke mit schnellen Kurven durch das Arc-Tal von Lanslevillard\u2026","rel":"","context":"In &quot;Frankreich 2011&quot;","block_context":{"text":"Frankreich 2011","link":"https:\/\/www.jungsi.de\/en\/category\/reisen\/frankreich-2011\/"},"img":{"alt_text":"","src":"","width":0,"height":0},"classes":[]}],"_links":{"self":[{"href":"https:\/\/www.jungsi.de\/en\/wp-json\/wp\/v2\/posts\/1663","targetHints":{"allow":["GET"]}}],"collection":[{"href":"https:\/\/www.jungsi.de\/en\/wp-json\/wp\/v2\/posts"}],"about":[{"href":"https:\/\/www.jungsi.de\/en\/wp-json\/wp\/v2\/types\/post"}],"author":[{"embeddable":true,"href":"https:\/\/www.jungsi.de\/en\/wp-json\/wp\/v2\/users\/2"}],"replies":[{"embeddable":true,"href":"https:\/\/www.jungsi.de\/en\/wp-json\/wp\/v2\/comments?post=1663"}],"version-history":[{"count":0,"href":"https:\/\/www.jungsi.de\/en\/wp-json\/wp\/v2\/posts\/1663\/revisions"}],"wp:attachment":[{"href":"https:\/\/www.jungsi.de\/en\/wp-json\/wp\/v2\/media?parent=1663"}],"wp:term":[{"taxonomy":"category","embeddable":true,"href":"https:\/\/www.jungsi.de\/en\/wp-json\/wp\/v2\/categories?post=1663"},{"taxonomy":"post_tag","embeddable":true,"href":"https:\/\/www.jungsi.de\/en\/wp-json\/wp\/v2\/tags?post=1663"}],"curies":[{"name":"wp","href":"https:\/\/api.w.org\/{rel}","templated":true}]}}